{"id":120591,"date":"2016-03-10T17:12:45","date_gmt":"2016-03-10T21:12:45","guid":{"rendered":"http:\/\/www.montrealracing.com\/wp\/?p=120591"},"modified":"2016-03-10T17:19:23","modified_gmt":"2016-03-10T21:19:23","slug":"david-kennedy-du-magazine-vw-performance-se-joint-a-eurokracy","status":"publish","type":"post","link":"https:\/\/www.montrealracing.com\/wp\/wp\/2016\/03\/david-kennedy-du-magazine-vw-performance-se-joint-a-eurokracy\/","title":{"rendered":"[:fr]David Kennedy du Magazine VW Performance se joint \u00e0 Eurokracy![:]"},"content":{"rendered":"<p>[:fr]Eurokracy ajoute une corde \u00e0 son arc en invitant l\u2019\u00e9diteur adjoint du Magazine VW Performance, David Kennedy, qui sera charg\u00e9 de juger la partie \u2018Show &amp; Shine\u2019 du c\u00e9l\u00e8bre \u00e9v\u00e9nement en 2016.<\/p>\n<p>Rappelons qu&#8217;Eurokracy en est \u00e0 sa cinqui\u00e8me \u00e9dition et est le plus grand rassemblement Euro au Canada. Le tout se d\u00e9roulera \u00e0 ICAR les 18 et 19 juin 2016<\/p>\n<p>Voici une vid\u00e9o publi\u00e9e par l&#8217;organisation au sujet de la visite de David Kennedy<\/p>\n<p><iframe loading=\"lazy\" title=\"Eurokracy 2016 Show &amp; Shine Judge - Performance VW Magazine\" width=\"500\" height=\"281\" src=\"https:\/\/www.youtube.com\/embed\/HWsKQkvhC4Y?feature=oembed\" frameborder=\"0\" allow=\"accelerometer; autoplay; clipboard-write; encrypted-media; gyroscope; picture-in-picture; web-share\" referrerpolicy=\"strict-origin-when-cross-origin\" allowfullscreen><\/iframe><\/p>\n<p>&nbsp;<\/p>\n<p>&nbsp;<\/p>\n<p><a href=\"http:\/\/www.montrealracing.com\/forums\/showthread.php?895832-Eurokracy-2016-Show-Shine-Judge-David-Kennedy-Performance-VW\">Voir la discussion\u00a0ici<\/a>[:]<\/p>\n","protected":false},"excerpt":{"rendered":"<p>[:fr]Eurokracy ajoute une corde \u00e0 son arc en invitant l\u2019\u00e9diteur adjoint du Magazine VW Performance, David Kennedy, qui sera charg\u00e9 de juger la partie \u2018Show&#8230;<\/p>\n","protected":false},"author":7840,"featured_media":120592,"comment_status":"closed","ping_status":"closed","sticky":false,"template":"","format":"standard","meta":{"footnotes":"","_links_to":"","_links_to_target":""},"categories":[4],"tags":[2669,691,746,2670],"class_list":["post-120591","post","type-post","status-publish","format-standard","has-post-thumbnail","hentry","category-articles","tag-david-kennedy","tag-eurokracy","tag-icar","tag-vw-performance"],"_links":{"self":[{"href":"https:\/\/www.montrealracing.com\/wp\/wp-json\/wp\/v2\/posts\/120591","targetHints":{"allow":["GET"]}}],"collection":[{"href":"https:\/\/www.montrealracing.com\/wp\/wp-json\/wp\/v2\/posts"}],"about":[{"href":"https:\/\/www.montrealracing.com\/wp\/wp-json\/wp\/v2\/types\/post"}],"author":[{"embeddable":true,"href":"https:\/\/www.montrealracing.com\/wp\/wp-json\/wp\/v2\/users\/7840"}],"replies":[{"embeddable":true,"href":"https:\/\/www.montrealracing.com\/wp\/wp-json\/wp\/v2\/comments?post=120591"}],"version-history":[{"count":2,"href":"https:\/\/www.montrealracing.com\/wp\/wp-json\/wp\/v2\/posts\/120591\/revisions"}],"predecessor-version":[{"id":120594,"href":"https:\/\/www.montrealracing.com\/wp\/wp-json\/wp\/v2\/posts\/120591\/revisions\/120594"}],"wp:featuredmedia":[{"embeddable":true,"href":"https:\/\/www.montrealracing.com\/wp\/wp-json\/wp\/v2\/media\/120592"}],"wp:attachment":[{"href":"https:\/\/www.montrealracing.com\/wp\/wp-json\/wp\/v2\/media?parent=120591"}],"wp:term":[{"taxonomy":"category","embeddable":true,"href":"https:\/\/www.montrealracing.com\/wp\/wp-json\/wp\/v2\/categories?post=120591"},{"taxonomy":"post_tag","embeddable":true,"href":"https:\/\/www.montrealracing.com\/wp\/wp-json\/wp\/v2\/tags?post=120591"}],"curies":[{"name":"wp","href":"https:\/\/api.w.org\/{rel}","templated":true}]}}