{"id":168090,"date":"2019-10-13T06:55:13","date_gmt":"2019-10-13T10:55:13","guid":{"rendered":"https:\/\/www.montrealracing.com\/wp\/?p=168090"},"modified":"2019-10-13T06:59:09","modified_gmt":"2019-10-13T10:59:09","slug":"quelques-photos-du-memorial-ride-hier","status":"publish","type":"post","link":"https:\/\/www.montrealracing.com\/wp\/wp\/2019\/10\/quelques-photos-du-memorial-ride-hier\/","title":{"rendered":"[:fr]Quelques photos de la Memorial Ride hier[:en]A Few Photos From Yesterday&#8217;s Memorial Ride[:]"},"content":{"rendered":"<p>[:fr]<span class=\"tlid-translation translation\" lang=\"fr\"><span title=\"\">Nous avons rempli l&#8217;autodrome une derni\u00e8re fois hier.<\/span> <span title=\"\">C&#8217;\u00e9tait un \u00e9v\u00e9nement avec de nombreuses \u00e9motions marquant la fin d&#8217;une \u00e9poque.<\/span> <span class=\"\" title=\"\">Il y a une course d&#8217;enduro aujourd&#8217;hui et ensuite, l&#8217;autodrome sera d\u00e9moli.<\/span><\/span><\/p>\n<p>Les galleries au complet seronts partg\u00e9s dans les prochains jours.<\/p>\n<h2><a href=\"https:\/\/www.montrealracing.com\/forums\/showthread.php?913777-ASE-Memorial-Ride\">Voir la discussion<\/a><\/h2>\n<p>&nbsp;<img loading=\"lazy\" decoding=\"async\" class=\"alignnone size-full wp-image-168092\" src=\"https:\/\/www.montrealracing.com\/wp\/wp-content\/uploads\/2019\/10\/ase_memorial_ride09.jpg\" alt=\"\" width=\"1600\" height=\"1060\" srcset=\"https:\/\/www.montrealracing.com\/wp\/wp-content\/uploads\/2019\/10\/ase_memorial_ride09.jpg 1600w, https:\/\/www.montrealracing.com\/wp\/wp-content\/uploads\/2019\/10\/ase_memorial_ride09-300x199.jpg 300w, https:\/\/www.montrealracing.com\/wp\/wp-content\/uploads\/2019\/10\/ase_memorial_ride09-768x509.jpg 768w, https:\/\/www.montrealracing.com\/wp\/wp-content\/uploads\/2019\/10\/ase_memorial_ride09-1024x678.jpg 1024w\" sizes=\"auto, (max-width: 1600px) 100vw, 1600px\" \/> <img loading=\"lazy\" decoding=\"async\" class=\"alignnone size-full wp-image-168093\" src=\"https:\/\/www.montrealracing.com\/wp\/wp-content\/uploads\/2019\/10\/ase_memorial_ride14.jpg\" alt=\"\" width=\"1600\" height=\"1060\" srcset=\"https:\/\/www.montrealracing.com\/wp\/wp-content\/uploads\/2019\/10\/ase_memorial_ride14.jpg 1600w, https:\/\/www.montrealracing.com\/wp\/wp-content\/uploads\/2019\/10\/ase_memorial_ride14-300x199.jpg 300w, https:\/\/www.montrealracing.com\/wp\/wp-content\/uploads\/2019\/10\/ase_memorial_ride14-768x509.jpg 768w, https:\/\/www.montrealracing.com\/wp\/wp-content\/uploads\/2019\/10\/ase_memorial_ride14-1024x678.jpg 1024w\" sizes=\"auto, (max-width: 1600px) 100vw, 1600px\" \/> <img loading=\"lazy\" decoding=\"async\" class=\"alignnone size-full wp-image-168094\" src=\"https:\/\/www.montrealracing.com\/wp\/wp-content\/uploads\/2019\/10\/ase_memorial_ride21.jpg\" alt=\"\" width=\"1600\" height=\"1060\" srcset=\"https:\/\/www.montrealracing.com\/wp\/wp-content\/uploads\/2019\/10\/ase_memorial_ride21.jpg 1600w, https:\/\/www.montrealracing.com\/wp\/wp-content\/uploads\/2019\/10\/ase_memorial_ride21-300x199.jpg 300w, https:\/\/www.montrealracing.com\/wp\/wp-content\/uploads\/2019\/10\/ase_memorial_ride21-768x509.jpg 768w, https:\/\/www.montrealracing.com\/wp\/wp-content\/uploads\/2019\/10\/ase_memorial_ride21-1024x678.jpg 1024w\" sizes=\"auto, (max-width: 1600px) 100vw, 1600px\" \/> <img loading=\"lazy\" decoding=\"async\" class=\"alignnone size-full wp-image-168095\" src=\"https:\/\/www.montrealracing.com\/wp\/wp-content\/uploads\/2019\/10\/ase_memorial_ride23.jpg\" alt=\"\" width=\"1600\" height=\"1060\" srcset=\"https:\/\/www.montrealracing.com\/wp\/wp-content\/uploads\/2019\/10\/ase_memorial_ride23.jpg 1600w, https:\/\/www.montrealracing.com\/wp\/wp-content\/uploads\/2019\/10\/ase_memorial_ride23-300x199.jpg 300w, https:\/\/www.montrealracing.com\/wp\/wp-content\/uploads\/2019\/10\/ase_memorial_ride23-768x509.jpg 768w, https:\/\/www.montrealracing.com\/wp\/wp-content\/uploads\/2019\/10\/ase_memorial_ride23-1024x678.jpg 1024w\" sizes=\"auto, (max-width: 1600px) 100vw, 1600px\" \/> <img loading=\"lazy\" decoding=\"async\" class=\"alignnone size-full wp-image-168096\" src=\"https:\/\/www.montrealracing.com\/wp\/wp-content\/uploads\/2019\/10\/ase_memorial_ride29.jpg\" alt=\"\" width=\"1600\" height=\"1060\" srcset=\"https:\/\/www.montrealracing.com\/wp\/wp-content\/uploads\/2019\/10\/ase_memorial_ride29.jpg 1600w, https:\/\/www.montrealracing.com\/wp\/wp-content\/uploads\/2019\/10\/ase_memorial_ride29-300x199.jpg 300w, https:\/\/www.montrealracing.com\/wp\/wp-content\/uploads\/2019\/10\/ase_memorial_ride29-768x509.jpg 768w, https:\/\/www.montrealracing.com\/wp\/wp-content\/uploads\/2019\/10\/ase_memorial_ride29-1024x678.jpg 1024w\" sizes=\"auto, (max-width: 1600px) 100vw, 1600px\" \/> <img loading=\"lazy\" decoding=\"async\" class=\"alignnone size-full wp-image-168097\" src=\"https:\/\/www.montrealracing.com\/wp\/wp-content\/uploads\/2019\/10\/ase_memorial_ride31.jpg\" alt=\"\" width=\"1600\" height=\"1060\" srcset=\"https:\/\/www.montrealracing.com\/wp\/wp-content\/uploads\/2019\/10\/ase_memorial_ride31.jpg 1600w, https:\/\/www.montrealracing.com\/wp\/wp-content\/uploads\/2019\/10\/ase_memorial_ride31-300x199.jpg 300w, https:\/\/www.montrealracing.com\/wp\/wp-content\/uploads\/2019\/10\/ase_memorial_ride31-768x509.jpg 768w, https:\/\/www.montrealracing.com\/wp\/wp-content\/uploads\/2019\/10\/ase_memorial_ride31-1024x678.jpg 1024w\" sizes=\"auto, (max-width: 1600px) 100vw, 1600px\" \/> <img loading=\"lazy\" decoding=\"async\" class=\"alignnone size-full wp-image-168098\" src=\"https:\/\/www.montrealracing.com\/wp\/wp-content\/uploads\/2019\/10\/ase_memorial_ride34.jpg\" alt=\"\" width=\"1600\" height=\"1060\" srcset=\"https:\/\/www.montrealracing.com\/wp\/wp-content\/uploads\/2019\/10\/ase_memorial_ride34.jpg 1600w, https:\/\/www.montrealracing.com\/wp\/wp-content\/uploads\/2019\/10\/ase_memorial_ride34-300x199.jpg 300w, https:\/\/www.montrealracing.com\/wp\/wp-content\/uploads\/2019\/10\/ase_memorial_ride34-768x509.jpg 768w, https:\/\/www.montrealracing.com\/wp\/wp-content\/uploads\/2019\/10\/ase_memorial_ride34-1024x678.jpg 1024w\" sizes=\"auto, (max-width: 1600px) 100vw, 1600px\" \/> <img loading=\"lazy\" decoding=\"async\" class=\"alignnone size-full wp-image-168099\" src=\"https:\/\/www.montrealracing.com\/wp\/wp-content\/uploads\/2019\/10\/ase_memorial_ride37.jpg\" alt=\"\" width=\"1600\" height=\"1060\" srcset=\"https:\/\/www.montrealracing.com\/wp\/wp-content\/uploads\/2019\/10\/ase_memorial_ride37.jpg 1600w, https:\/\/www.montrealracing.com\/wp\/wp-content\/uploads\/2019\/10\/ase_memorial_ride37-300x199.jpg 300w, https:\/\/www.montrealracing.com\/wp\/wp-content\/uploads\/2019\/10\/ase_memorial_ride37-768x509.jpg 768w, https:\/\/www.montrealracing.com\/wp\/wp-content\/uploads\/2019\/10\/ase_memorial_ride37-1024x678.jpg 1024w\" sizes=\"auto, (max-width: 1600px) 100vw, 1600px\" \/> <img loading=\"lazy\" decoding=\"async\" class=\"alignnone size-full wp-image-168100\" src=\"https:\/\/www.montrealracing.com\/wp\/wp-content\/uploads\/2019\/10\/ase_memorial_ride38.jpg\" alt=\"\" width=\"1600\" height=\"1060\" srcset=\"https:\/\/www.montrealracing.com\/wp\/wp-content\/uploads\/2019\/10\/ase_memorial_ride38.jpg 1600w, https:\/\/www.montrealracing.com\/wp\/wp-content\/uploads\/2019\/10\/ase_memorial_ride38-300x199.jpg 300w, https:\/\/www.montrealracing.com\/wp\/wp-content\/uploads\/2019\/10\/ase_memorial_ride38-768x509.jpg 768w, https:\/\/www.montrealracing.com\/wp\/wp-content\/uploads\/2019\/10\/ase_memorial_ride38-1024x678.jpg 1024w\" sizes=\"auto, (max-width: 1600px) 100vw, 1600px\" \/> <img loading=\"lazy\" decoding=\"async\" class=\"alignnone size-full wp-image-168101\" src=\"https:\/\/www.montrealracing.com\/wp\/wp-content\/uploads\/2019\/10\/ase_memorial_ride39.jpg\" alt=\"\" width=\"1600\" height=\"1060\" srcset=\"https:\/\/www.montrealracing.com\/wp\/wp-content\/uploads\/2019\/10\/ase_memorial_ride39.jpg 1600w, https:\/\/www.montrealracing.com\/wp\/wp-content\/uploads\/2019\/10\/ase_memorial_ride39-300x199.jpg 300w, https:\/\/www.montrealracing.com\/wp\/wp-content\/uploads\/2019\/10\/ase_memorial_ride39-768x509.jpg 768w, https:\/\/www.montrealracing.com\/wp\/wp-content\/uploads\/2019\/10\/ase_memorial_ride39-1024x678.jpg 1024w\" sizes=\"auto, (max-width: 1600px) 100vw, 1600px\" \/> <img loading=\"lazy\" decoding=\"async\" class=\"alignnone size-full wp-image-168102\" src=\"https:\/\/www.montrealracing.com\/wp\/wp-content\/uploads\/2019\/10\/ase_memorial_ride42.jpg\" alt=\"\" width=\"1600\" height=\"1060\" srcset=\"https:\/\/www.montrealracing.com\/wp\/wp-content\/uploads\/2019\/10\/ase_memorial_ride42.jpg 1600w, https:\/\/www.montrealracing.com\/wp\/wp-content\/uploads\/2019\/10\/ase_memorial_ride42-300x199.jpg 300w, https:\/\/www.montrealracing.com\/wp\/wp-content\/uploads\/2019\/10\/ase_memorial_ride42-768x509.jpg 768w, https:\/\/www.montrealracing.com\/wp\/wp-content\/uploads\/2019\/10\/ase_memorial_ride42-1024x678.jpg 1024w\" sizes=\"auto, (max-width: 1600px) 100vw, 1600px\" \/> <img loading=\"lazy\" decoding=\"async\" class=\"alignnone size-full wp-image-168103\" src=\"https:\/\/www.montrealracing.com\/wp\/wp-content\/uploads\/2019\/10\/ase_memorial_ride43.jpg\" alt=\"\" width=\"1600\" height=\"1060\" srcset=\"https:\/\/www.montrealracing.com\/wp\/wp-content\/uploads\/2019\/10\/ase_memorial_ride43.jpg 1600w, https:\/\/www.montrealracing.com\/wp\/wp-content\/uploads\/2019\/10\/ase_memorial_ride43-300x199.jpg 300w, https:\/\/www.montrealracing.com\/wp\/wp-content\/uploads\/2019\/10\/ase_memorial_ride43-768x509.jpg 768w, https:\/\/www.montrealracing.com\/wp\/wp-content\/uploads\/2019\/10\/ase_memorial_ride43-1024x678.jpg 1024w\" sizes=\"auto, (max-width: 1600px) 100vw, 1600px\" \/> <img loading=\"lazy\" decoding=\"async\" class=\"alignnone size-full wp-image-168104\" src=\"https:\/\/www.montrealracing.com\/wp\/wp-content\/uploads\/2019\/10\/ase_memorial_ride49.jpg\" alt=\"\" width=\"1600\" height=\"1060\" srcset=\"https:\/\/www.montrealracing.com\/wp\/wp-content\/uploads\/2019\/10\/ase_memorial_ride49.jpg 1600w, https:\/\/www.montrealracing.com\/wp\/wp-content\/uploads\/2019\/10\/ase_memorial_ride49-300x199.jpg 300w, https:\/\/www.montrealracing.com\/wp\/wp-content\/uploads\/2019\/10\/ase_memorial_ride49-768x509.jpg 768w, https:\/\/www.montrealracing.com\/wp\/wp-content\/uploads\/2019\/10\/ase_memorial_ride49-1024x678.jpg 1024w\" sizes=\"auto, (max-width: 1600px) 100vw, 1600px\" \/> <img loading=\"lazy\" decoding=\"async\" class=\"alignnone size-full wp-image-168105\" src=\"https:\/\/www.montrealracing.com\/wp\/wp-content\/uploads\/2019\/10\/ase_memorial_ride51.jpg\" alt=\"\" width=\"1600\" height=\"1060\" srcset=\"https:\/\/www.montrealracing.com\/wp\/wp-content\/uploads\/2019\/10\/ase_memorial_ride51.jpg 1600w, https:\/\/www.montrealracing.com\/wp\/wp-content\/uploads\/2019\/10\/ase_memorial_ride51-300x199.jpg 300w, https:\/\/www.montrealracing.com\/wp\/wp-content\/uploads\/2019\/10\/ase_memorial_ride51-768x509.jpg 768w, https:\/\/www.montrealracing.com\/wp\/wp-content\/uploads\/2019\/10\/ase_memorial_ride51-1024x678.jpg 1024w\" sizes=\"auto, (max-width: 1600px) 100vw, 1600px\" \/>[:en]We filled the Autodrome one last time yesterday. It was a bitter sweet event marking the end of an era. There is an enduro race today and afterwards the place will be taken down. Full galleries will be shared in the coming days.<\/p>\n<h2><a href=\"https:\/\/www.montrealracing.com\/forums\/showthread.php?913777-ASE-Memorial-Ride\">&nbsp;View the discussion<\/a><\/h2>\n<p><img loading=\"lazy\" decoding=\"async\" class=\"alignnone size-full wp-image-168092\" src=\"https:\/\/www.montrealracing.com\/wp\/wp-content\/uploads\/2019\/10\/ase_memorial_ride09.jpg\" alt=\"\" width=\"1600\" height=\"1060\" srcset=\"https:\/\/www.montrealracing.com\/wp\/wp-content\/uploads\/2019\/10\/ase_memorial_ride09.jpg 1600w, https:\/\/www.montrealracing.com\/wp\/wp-content\/uploads\/2019\/10\/ase_memorial_ride09-300x199.jpg 300w, https:\/\/www.montrealracing.com\/wp\/wp-content\/uploads\/2019\/10\/ase_memorial_ride09-768x509.jpg 768w, https:\/\/www.montrealracing.com\/wp\/wp-content\/uploads\/2019\/10\/ase_memorial_ride09-1024x678.jpg 1024w\" sizes=\"auto, (max-width: 1600px) 100vw, 1600px\" \/> <img loading=\"lazy\" decoding=\"async\" class=\"alignnone size-full wp-image-168093\" src=\"https:\/\/www.montrealracing.com\/wp\/wp-content\/uploads\/2019\/10\/ase_memorial_ride14.jpg\" alt=\"\" width=\"1600\" height=\"1060\" srcset=\"https:\/\/www.montrealracing.com\/wp\/wp-content\/uploads\/2019\/10\/ase_memorial_ride14.jpg 1600w, https:\/\/www.montrealracing.com\/wp\/wp-content\/uploads\/2019\/10\/ase_memorial_ride14-300x199.jpg 300w, https:\/\/www.montrealracing.com\/wp\/wp-content\/uploads\/2019\/10\/ase_memorial_ride14-768x509.jpg 768w, https:\/\/www.montrealracing.com\/wp\/wp-content\/uploads\/2019\/10\/ase_memorial_ride14-1024x678.jpg 1024w\" sizes=\"auto, (max-width: 1600px) 100vw, 1600px\" \/> <img loading=\"lazy\" decoding=\"async\" class=\"alignnone size-full wp-image-168094\" src=\"https:\/\/www.montrealracing.com\/wp\/wp-content\/uploads\/2019\/10\/ase_memorial_ride21.jpg\" alt=\"\" width=\"1600\" height=\"1060\" srcset=\"https:\/\/www.montrealracing.com\/wp\/wp-content\/uploads\/2019\/10\/ase_memorial_ride21.jpg 1600w, https:\/\/www.montrealracing.com\/wp\/wp-content\/uploads\/2019\/10\/ase_memorial_ride21-300x199.jpg 300w, https:\/\/www.montrealracing.com\/wp\/wp-content\/uploads\/2019\/10\/ase_memorial_ride21-768x509.jpg 768w, https:\/\/www.montrealracing.com\/wp\/wp-content\/uploads\/2019\/10\/ase_memorial_ride21-1024x678.jpg 1024w\" sizes=\"auto, (max-width: 1600px) 100vw, 1600px\" \/> <img loading=\"lazy\" decoding=\"async\" class=\"alignnone size-full wp-image-168095\" src=\"https:\/\/www.montrealracing.com\/wp\/wp-content\/uploads\/2019\/10\/ase_memorial_ride23.jpg\" alt=\"\" width=\"1600\" height=\"1060\" srcset=\"https:\/\/www.montrealracing.com\/wp\/wp-content\/uploads\/2019\/10\/ase_memorial_ride23.jpg 1600w, https:\/\/www.montrealracing.com\/wp\/wp-content\/uploads\/2019\/10\/ase_memorial_ride23-300x199.jpg 300w, https:\/\/www.montrealracing.com\/wp\/wp-content\/uploads\/2019\/10\/ase_memorial_ride23-768x509.jpg 768w, https:\/\/www.montrealracing.com\/wp\/wp-content\/uploads\/2019\/10\/ase_memorial_ride23-1024x678.jpg 1024w\" sizes=\"auto, (max-width: 1600px) 100vw, 1600px\" \/> <img loading=\"lazy\" decoding=\"async\" class=\"alignnone size-full wp-image-168096\" src=\"https:\/\/www.montrealracing.com\/wp\/wp-content\/uploads\/2019\/10\/ase_memorial_ride29.jpg\" alt=\"\" width=\"1600\" height=\"1060\" srcset=\"https:\/\/www.montrealracing.com\/wp\/wp-content\/uploads\/2019\/10\/ase_memorial_ride29.jpg 1600w, https:\/\/www.montrealracing.com\/wp\/wp-content\/uploads\/2019\/10\/ase_memorial_ride29-300x199.jpg 300w, https:\/\/www.montrealracing.com\/wp\/wp-content\/uploads\/2019\/10\/ase_memorial_ride29-768x509.jpg 768w, https:\/\/www.montrealracing.com\/wp\/wp-content\/uploads\/2019\/10\/ase_memorial_ride29-1024x678.jpg 1024w\" sizes=\"auto, (max-width: 1600px) 100vw, 1600px\" \/> <img loading=\"lazy\" decoding=\"async\" class=\"alignnone size-full wp-image-168097\" src=\"https:\/\/www.montrealracing.com\/wp\/wp-content\/uploads\/2019\/10\/ase_memorial_ride31.jpg\" alt=\"\" width=\"1600\" height=\"1060\" srcset=\"https:\/\/www.montrealracing.com\/wp\/wp-content\/uploads\/2019\/10\/ase_memorial_ride31.jpg 1600w, https:\/\/www.montrealracing.com\/wp\/wp-content\/uploads\/2019\/10\/ase_memorial_ride31-300x199.jpg 300w, https:\/\/www.montrealracing.com\/wp\/wp-content\/uploads\/2019\/10\/ase_memorial_ride31-768x509.jpg 768w, https:\/\/www.montrealracing.com\/wp\/wp-content\/uploads\/2019\/10\/ase_memorial_ride31-1024x678.jpg 1024w\" sizes=\"auto, (max-width: 1600px) 100vw, 1600px\" \/> <img loading=\"lazy\" decoding=\"async\" class=\"alignnone size-full wp-image-168098\" src=\"https:\/\/www.montrealracing.com\/wp\/wp-content\/uploads\/2019\/10\/ase_memorial_ride34.jpg\" alt=\"\" width=\"1600\" height=\"1060\" srcset=\"https:\/\/www.montrealracing.com\/wp\/wp-content\/uploads\/2019\/10\/ase_memorial_ride34.jpg 1600w, https:\/\/www.montrealracing.com\/wp\/wp-content\/uploads\/2019\/10\/ase_memorial_ride34-300x199.jpg 300w, https:\/\/www.montrealracing.com\/wp\/wp-content\/uploads\/2019\/10\/ase_memorial_ride34-768x509.jpg 768w, https:\/\/www.montrealracing.com\/wp\/wp-content\/uploads\/2019\/10\/ase_memorial_ride34-1024x678.jpg 1024w\" sizes=\"auto, (max-width: 1600px) 100vw, 1600px\" \/> <img loading=\"lazy\" decoding=\"async\" class=\"alignnone size-full wp-image-168099\" src=\"https:\/\/www.montrealracing.com\/wp\/wp-content\/uploads\/2019\/10\/ase_memorial_ride37.jpg\" alt=\"\" width=\"1600\" height=\"1060\" srcset=\"https:\/\/www.montrealracing.com\/wp\/wp-content\/uploads\/2019\/10\/ase_memorial_ride37.jpg 1600w, https:\/\/www.montrealracing.com\/wp\/wp-content\/uploads\/2019\/10\/ase_memorial_ride37-300x199.jpg 300w, https:\/\/www.montrealracing.com\/wp\/wp-content\/uploads\/2019\/10\/ase_memorial_ride37-768x509.jpg 768w, https:\/\/www.montrealracing.com\/wp\/wp-content\/uploads\/2019\/10\/ase_memorial_ride37-1024x678.jpg 1024w\" sizes=\"auto, (max-width: 1600px) 100vw, 1600px\" \/> <img loading=\"lazy\" decoding=\"async\" class=\"alignnone size-full wp-image-168100\" src=\"https:\/\/www.montrealracing.com\/wp\/wp-content\/uploads\/2019\/10\/ase_memorial_ride38.jpg\" alt=\"\" width=\"1600\" height=\"1060\" srcset=\"https:\/\/www.montrealracing.com\/wp\/wp-content\/uploads\/2019\/10\/ase_memorial_ride38.jpg 1600w, https:\/\/www.montrealracing.com\/wp\/wp-content\/uploads\/2019\/10\/ase_memorial_ride38-300x199.jpg 300w, https:\/\/www.montrealracing.com\/wp\/wp-content\/uploads\/2019\/10\/ase_memorial_ride38-768x509.jpg 768w, https:\/\/www.montrealracing.com\/wp\/wp-content\/uploads\/2019\/10\/ase_memorial_ride38-1024x678.jpg 1024w\" sizes=\"auto, (max-width: 1600px) 100vw, 1600px\" \/> <img loading=\"lazy\" decoding=\"async\" class=\"alignnone size-full wp-image-168101\" src=\"https:\/\/www.montrealracing.com\/wp\/wp-content\/uploads\/2019\/10\/ase_memorial_ride39.jpg\" alt=\"\" width=\"1600\" height=\"1060\" srcset=\"https:\/\/www.montrealracing.com\/wp\/wp-content\/uploads\/2019\/10\/ase_memorial_ride39.jpg 1600w, https:\/\/www.montrealracing.com\/wp\/wp-content\/uploads\/2019\/10\/ase_memorial_ride39-300x199.jpg 300w, https:\/\/www.montrealracing.com\/wp\/wp-content\/uploads\/2019\/10\/ase_memorial_ride39-768x509.jpg 768w, https:\/\/www.montrealracing.com\/wp\/wp-content\/uploads\/2019\/10\/ase_memorial_ride39-1024x678.jpg 1024w\" sizes=\"auto, (max-width: 1600px) 100vw, 1600px\" \/> <img loading=\"lazy\" decoding=\"async\" class=\"alignnone size-full wp-image-168102\" src=\"https:\/\/www.montrealracing.com\/wp\/wp-content\/uploads\/2019\/10\/ase_memorial_ride42.jpg\" alt=\"\" width=\"1600\" height=\"1060\" srcset=\"https:\/\/www.montrealracing.com\/wp\/wp-content\/uploads\/2019\/10\/ase_memorial_ride42.jpg 1600w, https:\/\/www.montrealracing.com\/wp\/wp-content\/uploads\/2019\/10\/ase_memorial_ride42-300x199.jpg 300w, https:\/\/www.montrealracing.com\/wp\/wp-content\/uploads\/2019\/10\/ase_memorial_ride42-768x509.jpg 768w, https:\/\/www.montrealracing.com\/wp\/wp-content\/uploads\/2019\/10\/ase_memorial_ride42-1024x678.jpg 1024w\" sizes=\"auto, (max-width: 1600px) 100vw, 1600px\" \/> <img loading=\"lazy\" decoding=\"async\" class=\"alignnone size-full wp-image-168103\" src=\"https:\/\/www.montrealracing.com\/wp\/wp-content\/uploads\/2019\/10\/ase_memorial_ride43.jpg\" alt=\"\" width=\"1600\" height=\"1060\" srcset=\"https:\/\/www.montrealracing.com\/wp\/wp-content\/uploads\/2019\/10\/ase_memorial_ride43.jpg 1600w, https:\/\/www.montrealracing.com\/wp\/wp-content\/uploads\/2019\/10\/ase_memorial_ride43-300x199.jpg 300w, https:\/\/www.montrealracing.com\/wp\/wp-content\/uploads\/2019\/10\/ase_memorial_ride43-768x509.jpg 768w, https:\/\/www.montrealracing.com\/wp\/wp-content\/uploads\/2019\/10\/ase_memorial_ride43-1024x678.jpg 1024w\" sizes=\"auto, (max-width: 1600px) 100vw, 1600px\" \/> <img loading=\"lazy\" decoding=\"async\" class=\"alignnone size-full wp-image-168104\" src=\"https:\/\/www.montrealracing.com\/wp\/wp-content\/uploads\/2019\/10\/ase_memorial_ride49.jpg\" alt=\"\" width=\"1600\" height=\"1060\" srcset=\"https:\/\/www.montrealracing.com\/wp\/wp-content\/uploads\/2019\/10\/ase_memorial_ride49.jpg 1600w, https:\/\/www.montrealracing.com\/wp\/wp-content\/uploads\/2019\/10\/ase_memorial_ride49-300x199.jpg 300w, https:\/\/www.montrealracing.com\/wp\/wp-content\/uploads\/2019\/10\/ase_memorial_ride49-768x509.jpg 768w, https:\/\/www.montrealracing.com\/wp\/wp-content\/uploads\/2019\/10\/ase_memorial_ride49-1024x678.jpg 1024w\" sizes=\"auto, (max-width: 1600px) 100vw, 1600px\" \/> <img loading=\"lazy\" decoding=\"async\" class=\"alignnone size-full wp-image-168105\" src=\"https:\/\/www.montrealracing.com\/wp\/wp-content\/uploads\/2019\/10\/ase_memorial_ride51.jpg\" alt=\"\" width=\"1600\" height=\"1060\" srcset=\"https:\/\/www.montrealracing.com\/wp\/wp-content\/uploads\/2019\/10\/ase_memorial_ride51.jpg 1600w, https:\/\/www.montrealracing.com\/wp\/wp-content\/uploads\/2019\/10\/ase_memorial_ride51-300x199.jpg 300w, https:\/\/www.montrealracing.com\/wp\/wp-content\/uploads\/2019\/10\/ase_memorial_ride51-768x509.jpg 768w, https:\/\/www.montrealracing.com\/wp\/wp-content\/uploads\/2019\/10\/ase_memorial_ride51-1024x678.jpg 1024w\" sizes=\"auto, (max-width: 1600px) 100vw, 1600px\" \/>[:]<\/p>\n","protected":false},"excerpt":{"rendered":"<p>[:fr]Nous avons rempli l&#8217;autodrome une derni\u00e8re fois hier. C&#8217;\u00e9tait un \u00e9v\u00e9nement avec de nombreuses \u00e9motions marquant la fin d&#8217;une \u00e9poque. Il y a une course&#8230;<\/p>\n","protected":false},"author":7,"featured_media":168091,"comment_status":"closed","ping_status":"closed","sticky":false,"template":"","format":"standard","meta":{"footnotes":"","_links_to":"","_links_to_target":""},"categories":[6],"tags":[148],"class_list":["post-168090","post","type-post","status-publish","format-standard","has-post-thumbnail","hentry","category-showcoverage","tag-autodrome-st-eustache"],"_links":{"self":[{"href":"https:\/\/www.montrealracing.com\/wp\/wp-json\/wp\/v2\/posts\/168090","targetHints":{"allow":["GET"]}}],"collection":[{"href":"https:\/\/www.montrealracing.com\/wp\/wp-json\/wp\/v2\/posts"}],"about":[{"href":"https:\/\/www.montrealracing.com\/wp\/wp-json\/wp\/v2\/types\/post"}],"author":[{"embeddable":true,"href":"https:\/\/www.montrealracing.com\/wp\/wp-json\/wp\/v2\/users\/7"}],"replies":[{"embeddable":true,"href":"https:\/\/www.montrealracing.com\/wp\/wp-json\/wp\/v2\/comments?post=168090"}],"version-history":[{"count":4,"href":"https:\/\/www.montrealracing.com\/wp\/wp-json\/wp\/v2\/posts\/168090\/revisions"}],"predecessor-version":[{"id":168109,"href":"https:\/\/www.montrealracing.com\/wp\/wp-json\/wp\/v2\/posts\/168090\/revisions\/168109"}],"wp:featuredmedia":[{"embeddable":true,"href":"https:\/\/www.montrealracing.com\/wp\/wp-json\/wp\/v2\/media\/168091"}],"wp:attachment":[{"href":"https:\/\/www.montrealracing.com\/wp\/wp-json\/wp\/v2\/media?parent=168090"}],"wp:term":[{"taxonomy":"category","embeddable":true,"href":"https:\/\/www.montrealracing.com\/wp\/wp-json\/wp\/v2\/categories?post=168090"},{"taxonomy":"post_tag","embeddable":true,"href":"https:\/\/www.montrealracing.com\/wp\/wp-json\/wp\/v2\/tags?post=168090"}],"curies":[{"name":"wp","href":"https:\/\/api.w.org\/{rel}","templated":true}]}}